[{"@context":"https:\/\/schema.org\/","@type":"Article","@id":"https:\/\/www.ardellieravocat.fr\/avocat-fiscalite-villeurbanne-vaulx-en-velin\/#Article","mainEntityOfPage":"https:\/\/www.ardellieravocat.fr\/avocat-fiscalite-villeurbanne-vaulx-en-velin\/","headline":"\u2026 Avocat fiscalit\u00e9 Villeurbanne, Vaulx-en-Velin","name":"\u2026 Avocat fiscalit\u00e9 Villeurbanne, Vaulx-en-Velin","description":"Ma\u00eetre Cl\u00e9lie ARDELLIER \u2013 Votre avocat d\u00e9di\u00e9 \u00e0 la fiscalit\u00e9 \u00e0 Villeurbanne et Vaulx-en-Velin Ma\u00eetre Cl\u00e9lie Ardellier accompagne les particuliers, les dirigeants et les entreprises dans leurs d\u00e9marches li\u00e9es \u00e0 la fiscalit\u00e9. Solliciter un avocat fiscalit\u00e9 Villeurbanne, Vaulx-en-Velin permet de b\u00e9n\u00e9ficier d\u2019un accompagnement juridique adapt\u00e9 pour analyser une situation, anticiper les cons\u00e9quences fiscales d\u2019une d\u00e9cision ou s\u00e9curiser certaines op\u00e9rations. Le cabinet prend en compte les particularit\u00e9s de chaque dossier afin d\u2019apporter des r\u00e9ponses coh\u00e9rentes avec la r\u00e9glementation en vigueur. En cas de contr\u00f4le fiscal, de d\u00e9saccord avec l\u2019administration ou de proc\u00e9dure contentieuse, votre avocat fiscalit\u00e9 Villeurbanne, Vaulx-en-Velin peut vous assister  [...]","datePublished":"2022-11-02","dateModified":"2026-08-31","author":{"@type":"Person","@id":"https:\/\/www.ardellieravocat.fr\/author\/coherenceadmin\/#Person","name":"Coh\u00e9rence Communication","url":"https:\/\/www.ardellieravocat.fr\/author\/coherenceadmin\/","identifier":1,"image":{"@type":"ImageObject","@id":"https:\/\/secure.gravatar.com\/avatar\/5325f3b643ee2fea185a125cca00f5afd82300db8f91ef46eaa7d6963d5e86f4?s=96&d=mm&r=g","url":"https:\/\/secure.gravatar.com\/avatar\/5325f3b643ee2fea185a125cca00f5afd82300db8f91ef46eaa7d6963d5e86f4?s=96&d=mm&r=g","height":96,"width":96}},"publisher":{"@type":"Organization","name":"MA\u00ceTRE CL\u00c9LIE ARDELLIER","logo":{"@type":"ImageObject","@id":"https:\/\/www.ardellieravocat.fr\/wp-content\/uploads\/2022\/08\/maitre-clelie-ardellier-avocat-fiscal-lyon-logo.png","url":"https:\/\/www.ardellieravocat.fr\/wp-content\/uploads\/2022\/08\/maitre-clelie-ardellier-avocat-fiscal-lyon-logo.png","width":163,"height":95}},"image":{"@type":"ImageObject","@id":"https:\/\/www.ardellieravocat.fr\/wp-content\/uploads\/2022\/08\/maitre-clelie-ardellier-avocat-fiscal-lyon-droit-fiscal-1.jpg","url":"https:\/\/www.ardellieravocat.fr\/wp-content\/uploads\/2022\/08\/maitre-clelie-ardellier-avocat-fiscal-lyon-droit-fiscal-1.jpg","height":630,"width":1200},"url":"https:\/\/www.ardellieravocat.fr\/avocat-fiscalite-villeurbanne-vaulx-en-velin\/"},{"@context":"https:\/\/schema.org","@type":"BreadcrumbList","@id":"https:\/\/www.ardellieravocat.fr\/avocat-fiscalite-villeurbanne-vaulx-en-velin\/#BreadcrumbList","itemListElement":[{"@type":"ListItem","position":1,"name":"\u2026 Avocat fiscalit\u00e9 Villeurbanne, Vaulx-en-Velin","item":"https:\/\/www.ardellieravocat.fr\/avocat-fiscalite-villeurbanne-vaulx-en-velin\/#breadcrumbitem"}]}]