[{"@context":"https:\/\/schema.org\/","@type":"Article","@id":"https:\/\/www.ardellieravocat.fr\/avocat-fiscaliste-monts-dor\/#Article","mainEntityOfPage":"https:\/\/www.ardellieravocat.fr\/avocat-fiscaliste-monts-dor\/","headline":"\u2026 Avocat fiscaliste Monts d\u2019Or","name":"\u2026 Avocat fiscaliste Monts d\u2019Or","description":"Ma\u00eetre Cl\u00e9lie ARDELLIER \u2013 Conseil et accompagnement fiscal aux Monts d\u2019Or Ma\u00eetre Cl\u00e9lie Ardellier accompagne les particuliers, dirigeants et professionnels confront\u00e9s \u00e0 des questions relatives \u00e0 leur fiscalit\u00e9. Consulter un avocat fiscaliste Monts d\u2019Or permet d\u2019obtenir une analyse juridique de sa situation avant une op\u00e9ration patrimoniale, une d\u00e9cision professionnelle ou une d\u00e9marche aupr\u00e8s de l\u2019administration. Le cabinet \u00e9tudie les \u00e9l\u00e9ments propres \u00e0 chaque dossier afin d\u2019identifier les r\u00e8gles fiscales applicables, d\u2019anticiper leurs cons\u00e9quences et de s\u00e9curiser les choix effectu\u00e9s dans le respect de la l\u00e9gislation. Lorsqu\u2019un contr\u00f4le, une rectification ou un d\u00e9saccord avec l\u2019administration fiscale survient, votre avocat fiscaliste\u00a0Monts d\u2019Or  [...]","datePublished":"2022-11-02","dateModified":"2026-08-31","author":{"@type":"Person","@id":"https:\/\/www.ardellieravocat.fr\/author\/coherenceadmin\/#Person","name":"Coh\u00e9rence Communication","url":"https:\/\/www.ardellieravocat.fr\/author\/coherenceadmin\/","identifier":1,"image":{"@type":"ImageObject","@id":"https:\/\/secure.gravatar.com\/avatar\/5325f3b643ee2fea185a125cca00f5afd82300db8f91ef46eaa7d6963d5e86f4?s=96&d=mm&r=g","url":"https:\/\/secure.gravatar.com\/avatar\/5325f3b643ee2fea185a125cca00f5afd82300db8f91ef46eaa7d6963d5e86f4?s=96&d=mm&r=g","height":96,"width":96}},"publisher":{"@type":"Organization","name":"MA\u00ceTRE CL\u00c9LIE ARDELLIER","logo":{"@type":"ImageObject","@id":"https:\/\/www.ardellieravocat.fr\/wp-content\/uploads\/2022\/08\/maitre-clelie-ardellier-avocat-fiscal-lyon-logo.png","url":"https:\/\/www.ardellieravocat.fr\/wp-content\/uploads\/2022\/08\/maitre-clelie-ardellier-avocat-fiscal-lyon-logo.png","width":163,"height":95}},"image":{"@type":"ImageObject","@id":"https:\/\/www.ardellieravocat.fr\/wp-content\/uploads\/2022\/08\/maitre-clelie-ardellier-avocat-fiscal-lyon-droit-fiscal-1.jpg","url":"https:\/\/www.ardellieravocat.fr\/wp-content\/uploads\/2022\/08\/maitre-clelie-ardellier-avocat-fiscal-lyon-droit-fiscal-1.jpg","height":630,"width":1200},"url":"https:\/\/www.ardellieravocat.fr\/avocat-fiscaliste-monts-dor\/"},{"@context":"https:\/\/schema.org","@type":"BreadcrumbList","@id":"https:\/\/www.ardellieravocat.fr\/avocat-fiscaliste-monts-dor\/#BreadcrumbList","itemListElement":[{"@type":"ListItem","position":1,"name":"\u2026 Avocat fiscaliste Monts d\u2019Or","item":"https:\/\/www.ardellieravocat.fr\/avocat-fiscaliste-monts-dor\/#breadcrumbitem"}]}]