[{"@context":"https:\/\/schema.org\/","@type":"Article","@id":"https:\/\/www.ardellieravocat.fr\/avocat-droit-fiscal-villeurbanne-vaulx-en-velin\/#Article","mainEntityOfPage":"https:\/\/www.ardellieravocat.fr\/avocat-droit-fiscal-villeurbanne-vaulx-en-velin\/","headline":"\u2026 Avocat droit fiscal Villeurbanne, Vaulx-en-Velin","name":"\u2026 Avocat droit fiscal Villeurbanne, Vaulx-en-Velin","description":"Ma\u00eetre Cl\u00e9lie ARDELLIER \u2013 Votre avocat droit fiscal Villeurbanne, Vaulx-en-Velin Ma\u00eetre Cl\u00e9lie Ardellier conseille les particuliers, les entrepreneurs et les soci\u00e9t\u00e9s sur les questions li\u00e9es \u00e0 la fiscalit\u00e9. Faire appel \u00e0 un avocat droit fiscal Villeurbanne, Vaulx-en-Velin permet de b\u00e9n\u00e9ficier d\u2019un accompagnement adapt\u00e9 lors d\u2019une op\u00e9ration patrimoniale, d\u2019une d\u00e9cision professionnelle ou d\u2019une d\u00e9marche n\u00e9cessitant une analyse des r\u00e8gles fiscales applicables. Le cabinet \u00e9tudie chaque situation afin d\u2019identifier les enjeux et de s\u00e9curiser les choix envisag\u00e9s. Lorsqu\u2019un contr\u00f4le fiscal, une proposition de rectification ou un d\u00e9saccord avec l\u2019administration survient, votre avocat droit fiscal Villeurbanne, Vaulx-en-Velin peut examiner les \u00e9l\u00e9ments du dossier,  [...]","datePublished":"2022-11-02","dateModified":"2026-08-31","author":{"@type":"Person","@id":"https:\/\/www.ardellieravocat.fr\/author\/coherenceadmin\/#Person","name":"Coh\u00e9rence Communication","url":"https:\/\/www.ardellieravocat.fr\/author\/coherenceadmin\/","identifier":1,"image":{"@type":"ImageObject","@id":"https:\/\/secure.gravatar.com\/avatar\/5325f3b643ee2fea185a125cca00f5afd82300db8f91ef46eaa7d6963d5e86f4?s=96&d=mm&r=g","url":"https:\/\/secure.gravatar.com\/avatar\/5325f3b643ee2fea185a125cca00f5afd82300db8f91ef46eaa7d6963d5e86f4?s=96&d=mm&r=g","height":96,"width":96}},"publisher":{"@type":"Organization","name":"MA\u00ceTRE CL\u00c9LIE ARDELLIER","logo":{"@type":"ImageObject","@id":"https:\/\/www.ardellieravocat.fr\/wp-content\/uploads\/2022\/08\/maitre-clelie-ardellier-avocat-fiscal-lyon-logo.png","url":"https:\/\/www.ardellieravocat.fr\/wp-content\/uploads\/2022\/08\/maitre-clelie-ardellier-avocat-fiscal-lyon-logo.png","width":163,"height":95}},"image":{"@type":"ImageObject","@id":"https:\/\/www.ardellieravocat.fr\/wp-content\/uploads\/2022\/08\/maitre-clelie-ardellier-avocat-fiscal-lyon-droit-fiscal-1.jpg","url":"https:\/\/www.ardellieravocat.fr\/wp-content\/uploads\/2022\/08\/maitre-clelie-ardellier-avocat-fiscal-lyon-droit-fiscal-1.jpg","height":630,"width":1200},"url":"https:\/\/www.ardellieravocat.fr\/avocat-droit-fiscal-villeurbanne-vaulx-en-velin\/"},{"@context":"https:\/\/schema.org","@type":"BreadcrumbList","@id":"https:\/\/www.ardellieravocat.fr\/avocat-droit-fiscal-villeurbanne-vaulx-en-velin\/#BreadcrumbList","itemListElement":[{"@type":"ListItem","position":1,"name":"\u2026 Avocat droit fiscal Villeurbanne, Vaulx-en-Velin","item":"https:\/\/www.ardellieravocat.fr\/avocat-droit-fiscal-villeurbanne-vaulx-en-velin\/#breadcrumbitem"}]}]