[{"@context":"https:\/\/schema.org\/","@type":"Article","@id":"https:\/\/www.ardellieravocat.fr\/avocat-droit-fiscal-saint-priest\/#Article","mainEntityOfPage":"https:\/\/www.ardellieravocat.fr\/avocat-droit-fiscal-saint-priest\/","headline":"\u2026 Avocat droit fiscal Saint-Priest","name":"\u2026 Avocat droit fiscal Saint-Priest","description":"Ma\u00eetre Cl\u00e9lie ARDELLIER \u2013 Votre avocat droit fiscal Saint-Priest Ma\u00eetre Cl\u00e9lie Ardellier accompagne les particuliers, les professionnels et les dirigeants confront\u00e9s \u00e0 des questions relatives \u00e0 leur fiscalit\u00e9. Faire appel \u00e0 un avocat droit fiscal Saint-Priest permet d\u2019obtenir une lecture pr\u00e9cise de sa situation et d\u2019anticiper les cons\u00e9quences fiscales d\u2019une op\u00e9ration, d\u2019un projet professionnel ou d\u2019une d\u00e9cision patrimoniale. Le cabinet analyse les \u00e9l\u00e9ments propres \u00e0 chaque dossier afin d\u2019identifier les r\u00e8gles applicables et de s\u00e9curiser les d\u00e9marches envisag\u00e9es. Lorsqu\u2019un contr\u00f4le fiscal, une proposition de rectification ou un diff\u00e9rend avec l\u2019administration intervient, votre avocat droit fiscal Saint-Priest peut vous assister dans  [...]","datePublished":"2022-11-02","dateModified":"2026-08-31","author":{"@type":"Person","@id":"https:\/\/www.ardellieravocat.fr\/author\/coherenceadmin\/#Person","name":"Coh\u00e9rence Communication","url":"https:\/\/www.ardellieravocat.fr\/author\/coherenceadmin\/","identifier":1,"image":{"@type":"ImageObject","@id":"https:\/\/secure.gravatar.com\/avatar\/5325f3b643ee2fea185a125cca00f5afd82300db8f91ef46eaa7d6963d5e86f4?s=96&d=mm&r=g","url":"https:\/\/secure.gravatar.com\/avatar\/5325f3b643ee2fea185a125cca00f5afd82300db8f91ef46eaa7d6963d5e86f4?s=96&d=mm&r=g","height":96,"width":96}},"publisher":{"@type":"Organization","name":"MA\u00ceTRE CL\u00c9LIE ARDELLIER","logo":{"@type":"ImageObject","@id":"https:\/\/www.ardellieravocat.fr\/wp-content\/uploads\/2022\/08\/maitre-clelie-ardellier-avocat-fiscal-lyon-logo.png","url":"https:\/\/www.ardellieravocat.fr\/wp-content\/uploads\/2022\/08\/maitre-clelie-ardellier-avocat-fiscal-lyon-logo.png","width":163,"height":95}},"image":{"@type":"ImageObject","@id":"https:\/\/www.ardellieravocat.fr\/wp-content\/uploads\/2022\/08\/maitre-clelie-ardellier-avocat-fiscal-lyon-droit-fiscal-1.jpg","url":"https:\/\/www.ardellieravocat.fr\/wp-content\/uploads\/2022\/08\/maitre-clelie-ardellier-avocat-fiscal-lyon-droit-fiscal-1.jpg","height":630,"width":1200},"url":"https:\/\/www.ardellieravocat.fr\/avocat-droit-fiscal-saint-priest\/"},{"@context":"https:\/\/schema.org","@type":"BreadcrumbList","@id":"https:\/\/www.ardellieravocat.fr\/avocat-droit-fiscal-saint-priest\/#BreadcrumbList","itemListElement":[{"@type":"ListItem","position":1,"name":"\u2026 Avocat droit fiscal Saint-Priest","item":"https:\/\/www.ardellieravocat.fr\/avocat-droit-fiscal-saint-priest\/#breadcrumbitem"}]}]