[{"@context":"https:\/\/schema.org\/","@type":"Article","@id":"https:\/\/www.ardellieravocat.fr\/avocat-droit-fiscal-ecully-tassin-la-demi-lune\/#Article","mainEntityOfPage":"https:\/\/www.ardellieravocat.fr\/avocat-droit-fiscal-ecully-tassin-la-demi-lune\/","headline":"\u2026 Avocat droit fiscal \u00c9cully, Tassin-la-Demi-Lune","name":"\u2026 Avocat droit fiscal \u00c9cully, Tassin-la-Demi-Lune","description":"Ma\u00eetre Cl\u00e9lie ARDELLIER \u2013 Accompagnement fiscal \u00e0 \u00c9cully et Tassin-la-Demi-Lune Ma\u00eetre Cl\u00e9lie Ardellier accompagne les particuliers comme les professionnels dans leurs probl\u00e9matiques li\u00e9es \u00e0 la fiscalit\u00e9. Faire appel \u00e0 un avocat droit fiscal \u00e0 \u00c9cully, Tassin-la-Demi-Lune permet de b\u00e9n\u00e9ficier d\u2019un accompagnement adapt\u00e9 \u00e0 sa situation, qu\u2019il s\u2019agisse d\u2019anticiper les cons\u00e9quences fiscales d\u2019une op\u00e9ration, de s\u00e9curiser une d\u00e9marche ou de mieux comprendre ses obligations. Chaque dossier fait l\u2019objet d\u2019une \u00e9tude attentive afin d\u2019identifier les r\u00e8gles applicables et de d\u00e9finir une strat\u00e9gie coh\u00e9rente avec les int\u00e9r\u00eats du client. Le cabinet intervient \u00e9galement lorsque des difficult\u00e9s apparaissent avec l\u2019administration fiscale. Votre avocat droit  [...]","datePublished":"2022-11-02","dateModified":"2026-08-31","author":{"@type":"Person","@id":"https:\/\/www.ardellieravocat.fr\/author\/coherenceadmin\/#Person","name":"Coh\u00e9rence Communication","url":"https:\/\/www.ardellieravocat.fr\/author\/coherenceadmin\/","identifier":1,"image":{"@type":"ImageObject","@id":"https:\/\/secure.gravatar.com\/avatar\/5325f3b643ee2fea185a125cca00f5afd82300db8f91ef46eaa7d6963d5e86f4?s=96&d=mm&r=g","url":"https:\/\/secure.gravatar.com\/avatar\/5325f3b643ee2fea185a125cca00f5afd82300db8f91ef46eaa7d6963d5e86f4?s=96&d=mm&r=g","height":96,"width":96}},"publisher":{"@type":"Organization","name":"MA\u00ceTRE CL\u00c9LIE ARDELLIER","logo":{"@type":"ImageObject","@id":"https:\/\/www.ardellieravocat.fr\/wp-content\/uploads\/2022\/08\/maitre-clelie-ardellier-avocat-fiscal-lyon-logo.png","url":"https:\/\/www.ardellieravocat.fr\/wp-content\/uploads\/2022\/08\/maitre-clelie-ardellier-avocat-fiscal-lyon-logo.png","width":163,"height":95}},"image":{"@type":"ImageObject","@id":"https:\/\/www.ardellieravocat.fr\/wp-content\/uploads\/2022\/08\/maitre-clelie-ardellier-avocat-fiscal-lyon-droit-fiscal-1.jpg","url":"https:\/\/www.ardellieravocat.fr\/wp-content\/uploads\/2022\/08\/maitre-clelie-ardellier-avocat-fiscal-lyon-droit-fiscal-1.jpg","height":630,"width":1200},"url":"https:\/\/www.ardellieravocat.fr\/avocat-droit-fiscal-ecully-tassin-la-demi-lune\/"},{"@context":"https:\/\/schema.org","@type":"BreadcrumbList","@id":"https:\/\/www.ardellieravocat.fr\/avocat-droit-fiscal-ecully-tassin-la-demi-lune\/#BreadcrumbList","itemListElement":[{"@type":"ListItem","position":1,"name":"\u2026 Avocat droit fiscal \u00c9cully, Tassin-la-Demi-Lune","item":"https:\/\/www.ardellieravocat.fr\/avocat-droit-fiscal-ecully-tassin-la-demi-lune\/#breadcrumbitem"}]}]